{"id":26904,"date":"2018-02-15T15:00:49","date_gmt":"2018-02-15T17:00:49","guid":{"rendered":"https:\/\/www.lopes.com.br\/blog\/?p=26904"},"modified":"2024-11-26T12:17:38","modified_gmt":"2024-11-26T15:17:38","slug":"quais-cuidados-tomar-ao-alugar-um-imovel-para-temporada","status":"publish","type":"post","link":"https:\/\/www.lopes.com.br\/blog\/mercado-imobiliario\/quais-cuidados-tomar-ao-alugar-um-imovel-para-temporada\/","title":{"rendered":"Quais cuidados tomar ao alugar um im\u00f3vel para temporada?"},"content":{"rendered":"<p>Alugar um im\u00f3vel para temporada j\u00e1 \u00e9 comum entre os brasileiros que desejam ficar poucos dias em regi\u00f5es de praia, rios e ch\u00e1caras para descansar nos feriados e fins de semana. Essa \u00e9 uma excelente op\u00e7\u00e3o para quem viaja em um grupo de amigos ou com a fam\u00edlia, visto que costuma ser mais barato do que a estadia em hot\u00e9is.<\/p>\n<p><img loading=\"lazy\" decoding=\"async\" class=\"alignnone size-full wp-image-26906\" src=\"https:\/\/www.lopes.com.br\/blog\/wp-content\/uploads\/2018\/02\/photo-1509600110300-21b9d5fedeb7.jpg\" alt=\"Im\u00f3vel para temporada\" width=\"1350\" height=\"900\" srcset=\"https:\/\/www.lopes.com.br\/blog\/wp-content\/uploads\/2018\/02\/photo-1509600110300-21b9d5fedeb7.jpg 1350w, https:\/\/www.lopes.com.br\/blog\/wp-content\/uploads\/2018\/02\/photo-1509600110300-21b9d5fedeb7-150x100.jpg 150w, https:\/\/www.lopes.com.br\/blog\/wp-content\/uploads\/2018\/02\/photo-1509600110300-21b9d5fedeb7-300x200.jpg 300w, https:\/\/www.lopes.com.br\/blog\/wp-content\/uploads\/2018\/02\/photo-1509600110300-21b9d5fedeb7-768x512.jpg 768w, https:\/\/www.lopes.com.br\/blog\/wp-content\/uploads\/2018\/02\/photo-1509600110300-21b9d5fedeb7-1024x683.jpg 1024w\" sizes=\"auto, (max-width: 1350px) 100vw, 1350px\" \/><\/p>\n<p>Entretanto, \u00e9 preciso tomar alguns cuidados para garantir uma viagem feliz e sem surpresas. Confira algumas dicas:<\/p>\n<h4><strong>Escolha um corretor de confian\u00e7a ou alugue direto com o propriet\u00e1rio<\/strong><\/h4>\n<p>Se a transa\u00e7\u00e3o for mediada por um corretor de im\u00f3veis, verifique se o mesmo possui o n\u00famero de registro no Conselho Nacional de Corretores de Im\u00f3veis (<a href=\"https:\/\/www.lopes.com.br\/blog\/mercado-imobiliario\/o-que-creci\/\">CRECI<\/a>). Quando o aluguel \u00e9 feito direto com o propriet\u00e1rio, voc\u00ea pode fazer uma pesquisa nos dados pessoais para saber se n\u00e3o h\u00e1 algum processo em desfavor do <a href=\"https:\/\/www.lopes.com.br\/blog\/mercado-imobiliario\/entenda-a-diferenca-entre-locador-e-locatario\/\">locador<\/a>.<\/p>\n<h4><strong>Pesquise bastante<\/strong><\/h4>\n<p>Busque refer\u00eancias com amigos ou nos coment\u00e1rios da internet de outros clientes que j\u00e1 se hospedaram no local. Tamb\u00e9m \u00e9 importante checar algumas caracter\u00edsticas do im\u00f3vel e regras de uso indicadas na oferta.<\/p>\n<p>Se o im\u00f3vel \u00e9 parte de um condom\u00ednio com piscina e outras op\u00e7\u00f5es de lazer, pergunte se voc\u00ea pode utiliz\u00e1-las. Alguns condom\u00ednios s\u00f3 permitem o uso pelo dono do apartamento, e alguns propriet\u00e1rios omitem essa informa\u00e7\u00e3o na hora de alugar o im\u00f3vel para temporada.<\/p>\n<h4><strong>Pe\u00e7a fotos recentes<\/strong><\/h4>\n<p>Quando fazer uma visita para conhecer o im\u00f3vel n\u00e3o \u00e9 poss\u00edvel, a melhor op\u00e7\u00e3o \u00e9 solicitar imagens recentes ao propriet\u00e1rio. Fa\u00e7a uma busca para ter certeza que as fotos n\u00e3o s\u00e3o de outros im\u00f3veis anunciados na internet e tome cuidado com fotos antigas.<\/p>\n<h4><strong>Verifique a localiza\u00e7\u00e3o do im\u00f3vel<\/strong><\/h4>\n<p>Coloque o endere\u00e7o no Google Maps ou alguma ferramenta parecida, e veja a dist\u00e2ncia do local at\u00e9 os pontos que voc\u00ea ir\u00e1 visitar. Procure saber como s\u00e3o as condi\u00e7\u00f5es de acesso ao im\u00f3vel, a infraestrutura \u2013 se h\u00e1 supermercados, com\u00e9rcios, farm\u00e1cias pr\u00f3ximas \u2013 e as condi\u00e7\u00f5es de seguran\u00e7a da regi\u00e3o.<\/p>\n<h4><strong>Fa\u00e7a uma vistoria detalhada<\/strong><\/h4>\n<p>Assim que chegar, fa\u00e7a uma inspe\u00e7\u00e3o junto ao propriet\u00e1rio ou representante para verificar se tudo est\u00e1 de acordo com o designado no contrato. Caso haja algum dano, fa\u00e7a uma anota\u00e7\u00e3o e se poss\u00edvel fotografe para que n\u00e3o tenha que pagar indeniza\u00e7\u00e3o.<\/p>\n<p>Como alguns im\u00f3veis ficam fechados por muito tempo, lembre-se de testar as torneiras, descargas, chuveiros, luzes e eletrodom\u00e9sticos para ver se est\u00e3o funcionando.<\/p>\n<h4><strong>\u00a0<\/strong><strong>N\u00e3o esque\u00e7a do contrato<\/strong><\/h4>\n<p>Mesmo que o aluguel para temporada seja um per\u00edodo curto, \u00e9 importante elaborar um contrato detalhando as datas de entrada e sa\u00edda, o valor, a forma de pagamento, local de retirada e entrega das chaves, etc. No caso de um contato direto com o propriet\u00e1rio, guarde tamb\u00e9m os e-mails trocados na negocia\u00e7\u00e3o.<\/p>\n<h4><strong>Fique atento \u00e0s formas de pagamento<\/strong><\/h4>\n<p>O pagamento do aluguel de um im\u00f3vel para temporada \u00e9 livremente combinado entre propriet\u00e1rio e <a href=\"https:\/\/www.lopes.com.br\/blog\/mercado-imobiliario\/entenda-a-diferenca-entre-locador-e-locatario\/\">locat\u00e1rio<\/a>. \u00a0Em geral, \u00e9 pedida uma entrada no ato da contrata\u00e7\u00e3o e a outra metade na entrega das chaves.<\/p>\n<p>Se informe sobre a multa por desist\u00eancia e as poss\u00edveis taxas \u2013 de limpeza, por exemplo \u2013 para n\u00e3o ter nenhuma surpresa desagrad\u00e1vel.<\/p>\n<p>Alguns propriet\u00e1rios tamb\u00e9m solicitam um <a href=\"https:\/\/www.lopes.com.br\/blog\/mercado-imobiliario\/deposito-caucao\/\">cheque cau\u00e7\u00e3o<\/a> como garantia de bens, como m\u00f3veis, eletrodom\u00e9sticos e eletr\u00f4nicos. O cheque \u00e9 devolvido ao locat\u00e1rio na sa\u00edda, ap\u00f3s a verifica\u00e7\u00e3o de que o local est\u00e1 em ordem.<\/p>\n<p>&nbsp;<\/p>\n<h4><strong>Leia tamb\u00e9m: <\/strong><\/h4>\n<p><strong>+ F\u00e9rias: dicas para organizar seu im\u00f3vel antes de viajar<\/strong><strong><br \/>\n<\/strong><strong>+ Um compilado de conte\u00fados e dicas para quem quer viajar<\/strong><strong><br \/>\n<\/strong><strong>+ Primeira viagem de avi\u00e3o o que fazer [Guest Post]<\/strong><\/p>\n","protected":false},"excerpt":{"rendered":"Alugar um im\u00f3vel para temporada j\u00e1 \u00e9 comum entre os brasileiros que desejam ficar poucos dias em regi\u00f5es&hellip;\n","protected":false},"author":69,"featured_media":26906,"comment_status":"closed","ping_status":"closed","sticky":false,"template":"","format":"standard","meta":{"footnotes":""},"categories":[630],"tags":[971,933,3125,3124],"class_list":{"0":"post-26904","1":"post","2":"type-post","3":"status-publish","4":"format-standard","5":"has-post-thumbnail","7":"category-mercado-imobiliario","8":"tag-aluguel","9":"tag-ferias","10":"tag-imovel-para-temporada","11":"tag-temporada","12":"cs-entry","13":"cs-video-wrap"},"yoast_head":"<!-- This site is optimized with the Yoast SEO plugin v26.8 - https:\/\/yoast.com\/product\/yoast-seo-wordpress\/ -->\n<title>Quais cuidados tomar ao alugar um im\u00f3vel para temporada?<\/title>\n<meta name=\"description\" content=\"Alugar um im\u00f3vel para temporada j\u00e1 \u00e9 comum entre os brasileiros que desejam ficar poucos dias em regi\u00f5es de praia, rios e ch\u00e1caras para descansar...\" \/>\n<meta name=\"robots\" content=\"index, follow, max-snippet:-1, max-image-preview:large, max-video-preview:-1\" \/>\n<link rel=\"canonical\" href=\"https:\/\/www.lopes.com.br\/blog\/mercado-imobiliario\/quais-cuidados-tomar-ao-alugar-um-imovel-para-temporada\/\" \/>\n<meta property=\"og:locale\" content=\"pt_BR\" \/>\n<meta property=\"og:type\" content=\"article\" \/>\n<meta property=\"og:title\" content=\"Quais cuidados tomar ao alugar um im\u00f3vel para temporada?\" \/>\n<meta property=\"og:description\" content=\"Alugar um im\u00f3vel para temporada j\u00e1 \u00e9 comum entre os brasileiros que desejam ficar poucos dias em regi\u00f5es de praia, rios e ch\u00e1caras para descansar...\" \/>\n<meta property=\"og:url\" content=\"https:\/\/www.lopes.com.br\/blog\/mercado-imobiliario\/quais-cuidados-tomar-ao-alugar-um-imovel-para-temporada\/\" \/>\n<meta property=\"og:site_name\" content=\"Blog da Lopes\" \/>\n<meta property=\"article:published_time\" content=\"2018-02-15T17:00:49+00:00\" \/>\n<meta property=\"article:modified_time\" content=\"2024-11-26T15:17:38+00:00\" \/>\n<meta property=\"og:image\" content=\"https:\/\/www.lopes.com.br\/blog\/wp-content\/uploads\/2018\/02\/photo-1509600110300-21b9d5fedeb7.jpg\" \/>\n\t<meta property=\"og:image:width\" content=\"1350\" \/>\n\t<meta property=\"og:image:height\" content=\"900\" \/>\n\t<meta property=\"og:image:type\" content=\"image\/jpeg\" \/>\n<meta name=\"author\" content=\"Equipe Lopes\" \/>\n<meta name=\"twitter:card\" content=\"summary_large_image\" \/>\n<meta name=\"twitter:label1\" content=\"Escrito por\" \/>\n\t<meta name=\"twitter:data1\" content=\"Equipe Lopes\" \/>\n\t<meta name=\"twitter:label2\" content=\"Est. tempo de leitura\" \/>\n\t<meta name=\"twitter:data2\" content=\"3 minutos\" \/>\n<script type=\"application\/ld+json\" class=\"yoast-schema-graph\">{\"@context\":\"https:\/\/schema.org\",\"@graph\":[{\"@type\":\"Article\",\"@id\":\"https:\/\/www.lopes.com.br\/blog\/mercado-imobiliario\/quais-cuidados-tomar-ao-alugar-um-imovel-para-temporada\/#article\",\"isPartOf\":{\"@id\":\"https:\/\/www.lopes.com.br\/blog\/mercado-imobiliario\/quais-cuidados-tomar-ao-alugar-um-imovel-para-temporada\/\"},\"author\":{\"name\":\"Equipe Lopes\",\"@id\":\"https:\/\/www.lopes.com.br\/blog\/#\/schema\/person\/b0b8d11ee653567feb0dad4680673239\"},\"headline\":\"Quais cuidados tomar ao alugar um im\u00f3vel para temporada?\",\"datePublished\":\"2018-02-15T17:00:49+00:00\",\"dateModified\":\"2024-11-26T15:17:38+00:00\",\"mainEntityOfPage\":{\"@id\":\"https:\/\/www.lopes.com.br\/blog\/mercado-imobiliario\/quais-cuidados-tomar-ao-alugar-um-imovel-para-temporada\/\"},\"wordCount\":661,\"image\":{\"@id\":\"https:\/\/www.lopes.com.br\/blog\/mercado-imobiliario\/quais-cuidados-tomar-ao-alugar-um-imovel-para-temporada\/#primaryimage\"},\"thumbnailUrl\":\"https:\/\/www.lopes.com.br\/blog\/wp-content\/uploads\/2018\/02\/photo-1509600110300-21b9d5fedeb7.jpg\",\"keywords\":[\"aluguel\",\"f\u00e9rias\",\"im\u00f3vel para temporada\",\"temporada\"],\"articleSection\":[\"Mercado Imobili\u00e1rio\"],\"inLanguage\":\"pt-BR\"},{\"@type\":\"WebPage\",\"@id\":\"https:\/\/www.lopes.com.br\/blog\/mercado-imobiliario\/quais-cuidados-tomar-ao-alugar-um-imovel-para-temporada\/\",\"url\":\"https:\/\/www.lopes.com.br\/blog\/mercado-imobiliario\/quais-cuidados-tomar-ao-alugar-um-imovel-para-temporada\/\",\"name\":\"Quais cuidados tomar ao alugar um im\u00f3vel para temporada?\",\"isPartOf\":{\"@id\":\"https:\/\/www.lopes.com.br\/blog\/#website\"},\"primaryImageOfPage\":{\"@id\":\"https:\/\/www.lopes.com.br\/blog\/mercado-imobiliario\/quais-cuidados-tomar-ao-alugar-um-imovel-para-temporada\/#primaryimage\"},\"image\":{\"@id\":\"https:\/\/www.lopes.com.br\/blog\/mercado-imobiliario\/quais-cuidados-tomar-ao-alugar-um-imovel-para-temporada\/#primaryimage\"},\"thumbnailUrl\":\"https:\/\/www.lopes.com.br\/blog\/wp-content\/uploads\/2018\/02\/photo-1509600110300-21b9d5fedeb7.jpg\",\"datePublished\":\"2018-02-15T17:00:49+00:00\",\"dateModified\":\"2024-11-26T15:17:38+00:00\",\"author\":{\"@id\":\"https:\/\/www.lopes.com.br\/blog\/#\/schema\/person\/b0b8d11ee653567feb0dad4680673239\"},\"description\":\"Alugar um im\u00f3vel para temporada j\u00e1 \u00e9 comum entre os brasileiros que desejam ficar poucos dias em regi\u00f5es de praia, rios e ch\u00e1caras para descansar...\",\"breadcrumb\":{\"@id\":\"https:\/\/www.lopes.com.br\/blog\/mercado-imobiliario\/quais-cuidados-tomar-ao-alugar-um-imovel-para-temporada\/#breadcrumb\"},\"inLanguage\":\"pt-BR\",\"potentialAction\":[{\"@type\":\"ReadAction\",\"target\":[\"https:\/\/www.lopes.com.br\/blog\/mercado-imobiliario\/quais-cuidados-tomar-ao-alugar-um-imovel-para-temporada\/\"]}]},{\"@type\":\"ImageObject\",\"inLanguage\":\"pt-BR\",\"@id\":\"https:\/\/www.lopes.com.br\/blog\/mercado-imobiliario\/quais-cuidados-tomar-ao-alugar-um-imovel-para-temporada\/#primaryimage\",\"url\":\"https:\/\/www.lopes.com.br\/blog\/wp-content\/uploads\/2018\/02\/photo-1509600110300-21b9d5fedeb7.jpg\",\"contentUrl\":\"https:\/\/www.lopes.com.br\/blog\/wp-content\/uploads\/2018\/02\/photo-1509600110300-21b9d5fedeb7.jpg\",\"width\":1350,\"height\":900},{\"@type\":\"BreadcrumbList\",\"@id\":\"https:\/\/www.lopes.com.br\/blog\/mercado-imobiliario\/quais-cuidados-tomar-ao-alugar-um-imovel-para-temporada\/#breadcrumb\",\"itemListElement\":[{\"@type\":\"ListItem\",\"position\":1,\"name\":\"In\u00edcio\",\"item\":\"https:\/\/www.lopes.com.br\/blog\/\"},{\"@type\":\"ListItem\",\"position\":2,\"name\":\"Quais cuidados tomar ao alugar um im\u00f3vel para temporada?\"}]},{\"@type\":\"WebSite\",\"@id\":\"https:\/\/www.lopes.com.br\/blog\/#website\",\"url\":\"https:\/\/www.lopes.com.br\/blog\/\",\"name\":\"Blog da Lopes\",\"description\":\"Blog sobre decora\u00e7\u00e3o e mercado imobili\u00e1rio\",\"potentialAction\":[{\"@type\":\"SearchAction\",\"target\":{\"@type\":\"EntryPoint\",\"urlTemplate\":\"https:\/\/www.lopes.com.br\/blog\/?s={search_term_string}\"},\"query-input\":{\"@type\":\"PropertyValueSpecification\",\"valueRequired\":true,\"valueName\":\"search_term_string\"}}],\"inLanguage\":\"pt-BR\"},{\"@type\":\"Person\",\"@id\":\"https:\/\/www.lopes.com.br\/blog\/#\/schema\/person\/b0b8d11ee653567feb0dad4680673239\",\"name\":\"Equipe Lopes\",\"image\":{\"@type\":\"ImageObject\",\"inLanguage\":\"pt-BR\",\"@id\":\"https:\/\/www.lopes.com.br\/blog\/#\/schema\/person\/image\/\",\"url\":\"https:\/\/secure.gravatar.com\/avatar\/9c9f7c90ec1df5bddc10b6af12b5fee5?s=96&d=blank&r=g\",\"contentUrl\":\"https:\/\/secure.gravatar.com\/avatar\/9c9f7c90ec1df5bddc10b6af12b5fee5?s=96&d=blank&r=g\",\"caption\":\"Equipe Lopes\"},\"description\":\"Explore abaixo os conte\u00fados desenvolvidos e revisados por especialistas da Lopes. Seja para entender tend\u00eancias do mercado, dicas de especialistas, conhecer melhores pr\u00e1ticas ou tomar decis\u00f5es estrat\u00e9gicas, nossos materiais s\u00e3o cuidadosamente elaborados para trazer informa\u00e7\u00f5es precisas e relevantes. Com mais de 85 anos de lideran\u00e7a no mercado imobili\u00e1rio, a Lopes se destaca oferecendo as melhores oportunidades e atendimento de qualidade, conectando pessoas ao im\u00f3vel ideal.\",\"url\":\"https:\/\/www.lopes.com.br\/blog\/author\/equipe-lopes\/\"}]}<\/script>\n<!-- \/ Yoast SEO plugin. -->","yoast_head_json":{"title":"Quais cuidados tomar ao alugar um im\u00f3vel para temporada?","description":"Alugar um im\u00f3vel para temporada j\u00e1 \u00e9 comum entre os brasileiros que desejam ficar poucos dias em regi\u00f5es de praia, rios e ch\u00e1caras para descansar...","robots":{"index":"index","follow":"follow","max-snippet":"max-snippet:-1","max-image-preview":"max-image-preview:large","max-video-preview":"max-video-preview:-1"},"canonical":"https:\/\/www.lopes.com.br\/blog\/mercado-imobiliario\/quais-cuidados-tomar-ao-alugar-um-imovel-para-temporada\/","og_locale":"pt_BR","og_type":"article","og_title":"Quais cuidados tomar ao alugar um im\u00f3vel para temporada?","og_description":"Alugar um im\u00f3vel para temporada j\u00e1 \u00e9 comum entre os brasileiros que desejam ficar poucos dias em regi\u00f5es de praia, rios e ch\u00e1caras para descansar...","og_url":"https:\/\/www.lopes.com.br\/blog\/mercado-imobiliario\/quais-cuidados-tomar-ao-alugar-um-imovel-para-temporada\/","og_site_name":"Blog da Lopes","article_published_time":"2018-02-15T17:00:49+00:00","article_modified_time":"2024-11-26T15:17:38+00:00","og_image":[{"width":1350,"height":900,"url":"https:\/\/www.lopes.com.br\/blog\/wp-content\/uploads\/2018\/02\/photo-1509600110300-21b9d5fedeb7.jpg","type":"image\/jpeg"}],"author":"Equipe Lopes","twitter_card":"summary_large_image","twitter_misc":{"Escrito por":"Equipe Lopes","Est. tempo de leitura":"3 minutos"},"schema":{"@context":"https:\/\/schema.org","@graph":[{"@type":"Article","@id":"https:\/\/www.lopes.com.br\/blog\/mercado-imobiliario\/quais-cuidados-tomar-ao-alugar-um-imovel-para-temporada\/#article","isPartOf":{"@id":"https:\/\/www.lopes.com.br\/blog\/mercado-imobiliario\/quais-cuidados-tomar-ao-alugar-um-imovel-para-temporada\/"},"author":{"name":"Equipe Lopes","@id":"https:\/\/www.lopes.com.br\/blog\/#\/schema\/person\/b0b8d11ee653567feb0dad4680673239"},"headline":"Quais cuidados tomar ao alugar um im\u00f3vel para temporada?","datePublished":"2018-02-15T17:00:49+00:00","dateModified":"2024-11-26T15:17:38+00:00","mainEntityOfPage":{"@id":"https:\/\/www.lopes.com.br\/blog\/mercado-imobiliario\/quais-cuidados-tomar-ao-alugar-um-imovel-para-temporada\/"},"wordCount":661,"image":{"@id":"https:\/\/www.lopes.com.br\/blog\/mercado-imobiliario\/quais-cuidados-tomar-ao-alugar-um-imovel-para-temporada\/#primaryimage"},"thumbnailUrl":"https:\/\/www.lopes.com.br\/blog\/wp-content\/uploads\/2018\/02\/photo-1509600110300-21b9d5fedeb7.jpg","keywords":["aluguel","f\u00e9rias","im\u00f3vel para temporada","temporada"],"articleSection":["Mercado Imobili\u00e1rio"],"inLanguage":"pt-BR"},{"@type":"WebPage","@id":"https:\/\/www.lopes.com.br\/blog\/mercado-imobiliario\/quais-cuidados-tomar-ao-alugar-um-imovel-para-temporada\/","url":"https:\/\/www.lopes.com.br\/blog\/mercado-imobiliario\/quais-cuidados-tomar-ao-alugar-um-imovel-para-temporada\/","name":"Quais cuidados tomar ao alugar um im\u00f3vel para temporada?","isPartOf":{"@id":"https:\/\/www.lopes.com.br\/blog\/#website"},"primaryImageOfPage":{"@id":"https:\/\/www.lopes.com.br\/blog\/mercado-imobiliario\/quais-cuidados-tomar-ao-alugar-um-imovel-para-temporada\/#primaryimage"},"image":{"@id":"https:\/\/www.lopes.com.br\/blog\/mercado-imobiliario\/quais-cuidados-tomar-ao-alugar-um-imovel-para-temporada\/#primaryimage"},"thumbnailUrl":"https:\/\/www.lopes.com.br\/blog\/wp-content\/uploads\/2018\/02\/photo-1509600110300-21b9d5fedeb7.jpg","datePublished":"2018-02-15T17:00:49+00:00","dateModified":"2024-11-26T15:17:38+00:00","author":{"@id":"https:\/\/www.lopes.com.br\/blog\/#\/schema\/person\/b0b8d11ee653567feb0dad4680673239"},"description":"Alugar um im\u00f3vel para temporada j\u00e1 \u00e9 comum entre os brasileiros que desejam ficar poucos dias em regi\u00f5es de praia, rios e ch\u00e1caras para descansar...","breadcrumb":{"@id":"https:\/\/www.lopes.com.br\/blog\/mercado-imobiliario\/quais-cuidados-tomar-ao-alugar-um-imovel-para-temporada\/#breadcrumb"},"inLanguage":"pt-BR","potentialAction":[{"@type":"ReadAction","target":["https:\/\/www.lopes.com.br\/blog\/mercado-imobiliario\/quais-cuidados-tomar-ao-alugar-um-imovel-para-temporada\/"]}]},{"@type":"ImageObject","inLanguage":"pt-BR","@id":"https:\/\/www.lopes.com.br\/blog\/mercado-imobiliario\/quais-cuidados-tomar-ao-alugar-um-imovel-para-temporada\/#primaryimage","url":"https:\/\/www.lopes.com.br\/blog\/wp-content\/uploads\/2018\/02\/photo-1509600110300-21b9d5fedeb7.jpg","contentUrl":"https:\/\/www.lopes.com.br\/blog\/wp-content\/uploads\/2018\/02\/photo-1509600110300-21b9d5fedeb7.jpg","width":1350,"height":900},{"@type":"BreadcrumbList","@id":"https:\/\/www.lopes.com.br\/blog\/mercado-imobiliario\/quais-cuidados-tomar-ao-alugar-um-imovel-para-temporada\/#breadcrumb","itemListElement":[{"@type":"ListItem","position":1,"name":"In\u00edcio","item":"https:\/\/www.lopes.com.br\/blog\/"},{"@type":"ListItem","position":2,"name":"Quais cuidados tomar ao alugar um im\u00f3vel para temporada?"}]},{"@type":"WebSite","@id":"https:\/\/www.lopes.com.br\/blog\/#website","url":"https:\/\/www.lopes.com.br\/blog\/","name":"Blog da Lopes","description":"Blog sobre decora\u00e7\u00e3o e mercado imobili\u00e1rio","potentialAction":[{"@type":"SearchAction","target":{"@type":"EntryPoint","urlTemplate":"https:\/\/www.lopes.com.br\/blog\/?s={search_term_string}"},"query-input":{"@type":"PropertyValueSpecification","valueRequired":true,"valueName":"search_term_string"}}],"inLanguage":"pt-BR"},{"@type":"Person","@id":"https:\/\/www.lopes.com.br\/blog\/#\/schema\/person\/b0b8d11ee653567feb0dad4680673239","name":"Equipe Lopes","image":{"@type":"ImageObject","inLanguage":"pt-BR","@id":"https:\/\/www.lopes.com.br\/blog\/#\/schema\/person\/image\/","url":"https:\/\/secure.gravatar.com\/avatar\/9c9f7c90ec1df5bddc10b6af12b5fee5?s=96&d=blank&r=g","contentUrl":"https:\/\/secure.gravatar.com\/avatar\/9c9f7c90ec1df5bddc10b6af12b5fee5?s=96&d=blank&r=g","caption":"Equipe Lopes"},"description":"Explore abaixo os conte\u00fados desenvolvidos e revisados por especialistas da Lopes. Seja para entender tend\u00eancias do mercado, dicas de especialistas, conhecer melhores pr\u00e1ticas ou tomar decis\u00f5es estrat\u00e9gicas, nossos materiais s\u00e3o cuidadosamente elaborados para trazer informa\u00e7\u00f5es precisas e relevantes. Com mais de 85 anos de lideran\u00e7a no mercado imobili\u00e1rio, a Lopes se destaca oferecendo as melhores oportunidades e atendimento de qualidade, conectando pessoas ao im\u00f3vel ideal.","url":"https:\/\/www.lopes.com.br\/blog\/author\/equipe-lopes\/"}]}},"_links":{"self":[{"href":"https:\/\/www.lopes.com.br\/blog\/wp-json\/wp\/v2\/posts\/26904","targetHints":{"allow":["GET"]}}],"collection":[{"href":"https:\/\/www.lopes.com.br\/blog\/wp-json\/wp\/v2\/posts"}],"about":[{"href":"https:\/\/www.lopes.com.br\/blog\/wp-json\/wp\/v2\/types\/post"}],"author":[{"embeddable":true,"href":"https:\/\/www.lopes.com.br\/blog\/wp-json\/wp\/v2\/users\/69"}],"replies":[{"embeddable":true,"href":"https:\/\/www.lopes.com.br\/blog\/wp-json\/wp\/v2\/comments?post=26904"}],"version-history":[{"count":11,"href":"https:\/\/www.lopes.com.br\/blog\/wp-json\/wp\/v2\/posts\/26904\/revisions"}],"predecessor-version":[{"id":37080,"href":"https:\/\/www.lopes.com.br\/blog\/wp-json\/wp\/v2\/posts\/26904\/revisions\/37080"}],"wp:featuredmedia":[{"embeddable":true,"href":"https:\/\/www.lopes.com.br\/blog\/wp-json\/wp\/v2\/media\/26906"}],"wp:attachment":[{"href":"https:\/\/www.lopes.com.br\/blog\/wp-json\/wp\/v2\/media?parent=26904"}],"wp:term":[{"taxonomy":"category","embeddable":true,"href":"https:\/\/www.lopes.com.br\/blog\/wp-json\/wp\/v2\/categories?post=26904"},{"taxonomy":"post_tag","embeddable":true,"href":"https:\/\/www.lopes.com.br\/blog\/wp-json\/wp\/v2\/tags?post=26904"}],"curies":[{"name":"wp","href":"https:\/\/api.w.org\/{rel}","templated":true}]}}